{"id":170,"date":"2019-07-19T13:14:50","date_gmt":"2019-05-28T16:30:14","guid":{"rendered":"https:\/\/patriciarochaleite.com\/home\/mondo-deli-2\/"},"modified":"2019-07-19T14:35:31","modified_gmt":"2019-07-19T14:35:31","slug":"ramada-alta","status":"publish","type":"post","link":"https:\/\/patriciarochaleite.com\/home\/ramada-alta\/","title":{"rendered":"RAMADA ALTA"},"content":{"rendered":"","protected":false},"excerpt":{"rendered":"","protected":false},"author":1,"featured_media":176,"comment_status":"closed","ping_status":"closed","sticky":false,"template":"","format":"standard","meta":{"footnotes":""},"categories":[1],"tags":[],"grid":"{\r\n  \"colCount\": 12,\r\n  \"colGutter\": 1,\r\n  \"rowGutters\": [],\r\n  \"frameMargin\": 5,\r\n  \"topFrameMargin\": 100,\r\n  \"bottomFrameMargin\": 5,\r\n  \"rowAttrs\": [\r\n    {}\r\n  ],\r\n  \"bgColor\": null,\r\n  \"cont\": [\r\n    {\r\n      \"type\": \"text\",\r\n      \"cont\": \"<h1 class=\\\"_Titulo\\\">RAMADA ALTA<\/h1><p class=\\\"_Texto\\\">O projecto Ramada Alta consiste na altera\u00e7\u00e3o e reabilita\u00e7\u00e3o de um apartamento inserido num edif\u00edcio de habita\u00e7\u00e3o constru\u00eddo na d\u00e9cada de 1960.<br \/>O apartamento encontrava-se em excelente estado de conserva\u00e7\u00e3o, e caracterizado por elementos constru\u00eddos de elevado valor e muito caracter\u00edsticos desta \u00e9poca. <br \/>Temos assistido de uma forma quase generalizada a um denominador comum nas interven\u00e7\u00f5es em apartamentos, que consiste na necessidade de melhorar as rela\u00e7\u00f5es entre os espa\u00e7os, aproximando a cozinha da sala, desmontando divis\u00f3rias e visando cada vez mais um espa\u00e7o total mais amplo e mais global. Neste projecto a interven\u00e7\u00e3o mais marcante consistiu precisamente na demoli\u00e7\u00e3o da parede que dividia a sala e a cozinha, materializando um amplo espa\u00e7o onde tudo acontece em simult\u00e2neo. O balc\u00e3o da cozinha ocupa uma zona central e significativa deste espa\u00e7o, revelando a voca\u00e7\u00e3o e o potencial deste apartamento para promover uma viv\u00eancia social e familiar intensa e significativa.<\/p><p class=\\\"_Texto\\\">PROJECTO: <br \/>2019<\/p><p class=\\\"_Texto\\\">CONSTRU\u00c7\u00c3O:<br \/>2019<\/p><p class=\\\"_Texto\\\">LOCALIZA\u00c7\u00c3O:<br \/>Largo da Ramada Alta, Porto<\/p><p class=\\\"_Texto\\\">\u00c1REA:<br \/>95m2 \u00e1rea constru\u00edda<\/p><p class=\\\"_Texto\\\">ARQUITECTOS:<br \/>Patr\u00edcia Rocha Leite<\/p><p class=\\\"_Texto\\\">EQUIPA:<br \/>Patr\u00edcia Rocha Leite<br \/>Catarina Queir\u00f3s<\/p><p class=\\\"_Texto\\\">\u00a0<\/p><p>\u00a0<\/p>\",\r\n      \"align\": \"top\",\r\n      \"row\": 0,\r\n      \"col\": 0,\r\n      \"colspan\": 4,\r\n      \"offsetx\": 0,\r\n      \"offsety\": 0,\r\n      \"spaceabove\": 0,\r\n      \"spacebelow\": 0,\r\n      \"yvel\": 1,\r\n      \"push\": 0,\r\n      \"relid\": 124,\r\n      \"frameOverflow\": \"\"\r\n    },\r\n    {\r\n      \"type\": \"carousel\",\r\n      \"cont\": \"\",\r\n      \"align\": \"top\",\r\n      \"row\": 0,\r\n      \"col\": 4,\r\n      \"colspan\": 8,\r\n      \"offsetx\": 0,\r\n      \"offsety\": 0,\r\n      \"spaceabove\": 0,\r\n      \"spacebelow\": 0,\r\n      \"yvel\": 1,\r\n      \"push\": 0,\r\n      \"relid\": 166,\r\n      \"carousel_options\": {\r\n        \"random\": false,\r\n        \"autoplay\": false,\r\n        \"customAspectRatioW\": 16,\r\n        \"customAspectRatioH\": 9,\r\n        \"size\": \"useCustomAspectRatio\",\r\n        \"transition\": \"fading\"\r\n      },\r\n      \"carousel\": [\r\n        {\r\n          \"type\": \"img\",\r\n          \"attid\": 176,\r\n          \"cont\": \"\/wp-content\/uploads\/2019\/07\/1-3.jpg\",\r\n          \"sizes\": {\r\n            \"full\": \"\/wp-content\/uploads\/2019\/07\/1-3.jpg\",\r\n            \"_1024\": \"\/wp-content\/uploads\/2019\/07\/1-3-1024x764.jpg\",\r\n            \"_768\": \"\/wp-content\/uploads\/2019\/07\/1-3-768x573.jpg\",\r\n            \"_512\": \"\/wp-content\/uploads\/2019\/07\/1-3-512x382.jpg\",\r\n            \"_265\": \"\/wp-content\/uploads\/2019\/07\/1-3-265x198.jpg\"\r\n          },\r\n          \"w\": 1277,\r\n          \"h\": 953,\r\n          \"ar\": 0.7462803445575568,\r\n          \"alt\": \"\"\r\n        },\r\n        {\r\n          \"type\": \"img\",\r\n          \"attid\": 177,\r\n          \"cont\": \"\/wp-content\/uploads\/2019\/07\/2-3.jpg\",\r\n          \"sizes\": {\r\n            \"full\": \"\/wp-content\/uploads\/2019\/07\/2-3.jpg\",\r\n            \"_1280\": \"\/wp-content\/uploads\/2019\/07\/2-3-1280x950.jpg\",\r\n            \"_1024\": \"\/wp-content\/uploads\/2019\/07\/2-3-1024x760.jpg\",\r\n            \"_768\": \"\/wp-content\/uploads\/2019\/07\/2-3-768x570.jpg\",\r\n            \"_512\": \"\/wp-content\/uploads\/2019\/07\/2-3-512x380.jpg\",\r\n            \"_265\": \"\/wp-content\/uploads\/2019\/07\/2-3-265x197.jpg\"\r\n          },\r\n          \"w\": 1282,\r\n          \"h\": 951,\r\n          \"ar\": 0.7418096723868954,\r\n          \"alt\": \"\"\r\n        },\r\n        {\r\n          \"type\": \"img\",\r\n          \"attid\": 178,\r\n          \"cont\": \"\/wp-content\/uploads\/2019\/07\/3-3.jpg\",\r\n          \"sizes\": {\r\n            \"full\": \"\/wp-content\/uploads\/2019\/07\/3-3.jpg\",\r\n            \"_768\": \"\/wp-content\/uploads\/2019\/07\/3-3-768x1076.jpg\",\r\n            \"_512\": \"\/wp-content\/uploads\/2019\/07\/3-3-512x717.jpg\",\r\n            \"_265\": \"\/wp-content\/uploads\/2019\/07\/3-3-265x371.jpg\"\r\n          },\r\n          \"w\": 899,\r\n          \"h\": 1259,\r\n          \"ar\": 1.4004449388209121,\r\n          \"alt\": \"\"\r\n        },\r\n        {\r\n          \"type\": \"img\",\r\n          \"attid\": 179,\r\n          \"cont\": \"\/wp-content\/uploads\/2019\/07\/4-3.jpg\",\r\n          \"sizes\": {\r\n            \"full\": \"\/wp-content\/uploads\/2019\/07\/4-3.jpg\",\r\n            \"_768\": \"\/wp-content\/uploads\/2019\/07\/4-3-768x1024.jpg\",\r\n            \"_512\": \"\/wp-content\/uploads\/2019\/07\/4-3-512x682.jpg\",\r\n            \"_265\": \"\/wp-content\/uploads\/2019\/07\/4-3-265x353.jpg\"\r\n          },\r\n          \"w\": 979,\r\n          \"h\": 1305,\r\n          \"ar\": 1.3329928498467825,\r\n          \"alt\": \"\"\r\n        },\r\n        {\r\n          \"type\": \"img\",\r\n          \"attid\": 180,\r\n          \"cont\": \"\/wp-content\/uploads\/2019\/07\/5-2.jpg\",\r\n          \"sizes\": {\r\n            \"full\": \"\/wp-content\/uploads\/2019\/07\/5-2.jpg\",\r\n            \"_768\": \"\/wp-content\/uploads\/2019\/07\/5-2-768x1024.jpg\",\r\n            \"_512\": \"\/wp-content\/uploads\/2019\/07\/5-2-512x682.jpg\",\r\n            \"_265\": \"\/wp-content\/uploads\/2019\/07\/5-2-265x353.jpg\"\r\n          },\r\n          \"w\": 979,\r\n          \"h\": 1305,\r\n          \"ar\": 1.3329928498467825,\r\n          \"alt\": \"\"\r\n        },\r\n        {\r\n          \"type\": \"img\",\r\n          \"attid\": 174,\r\n          \"cont\": \"\/wp-content\/uploads\/2019\/07\/1Ramada-alta.png\",\r\n          \"sizes\": {\r\n            \"full\": \"\/wp-content\/uploads\/2019\/07\/1Ramada-alta.png\",\r\n            \"_3200\": \"\/wp-content\/uploads\/2019\/07\/1Ramada-alta-3200x2261.png\",\r\n            \"_2560\": \"\/wp-content\/uploads\/2019\/07\/1Ramada-alta-2560x1809.png\",\r\n            \"_1920\": \"\/wp-content\/uploads\/2019\/07\/1Ramada-alta-1920x1357.png\",\r\n            \"_1280\": \"\/wp-content\/uploads\/2019\/07\/1Ramada-alta-1280x905.png\",\r\n            \"_1024\": \"\/wp-content\/uploads\/2019\/07\/1Ramada-alta-1024x724.png\",\r\n            \"_768\": \"\/wp-content\/uploads\/2019\/07\/1Ramada-alta-768x543.png\",\r\n            \"_512\": \"\/wp-content\/uploads\/2019\/07\/1Ramada-alta-512x362.png\",\r\n            \"_265\": \"\/wp-content\/uploads\/2019\/07\/1Ramada-alta-265x187.png\"\r\n          },\r\n          \"w\": 3368,\r\n          \"h\": 2380,\r\n          \"ar\": 0.7066508313539193,\r\n          \"alt\": \"\"\r\n        }\r\n      ],\r\n      \"frameOverflow\": \"\"\r\n    }\r\n  ]\r\n}","phonegrid":"","_links":{"self":[{"href":"https:\/\/patriciarochaleite.com\/home\/wp-json\/wp\/v2\/posts\/170"}],"collection":[{"href":"https:\/\/patriciarochaleite.com\/home\/wp-json\/wp\/v2\/posts"}],"about":[{"href":"https:\/\/patriciarochaleite.com\/home\/wp-json\/wp\/v2\/types\/post"}],"author":[{"embeddable":true,"href":"https:\/\/patriciarochaleite.com\/home\/wp-json\/wp\/v2\/users\/1"}],"replies":[{"embeddable":true,"href":"https:\/\/patriciarochaleite.com\/home\/wp-json\/wp\/v2\/comments?post=170"}],"version-history":[{"count":0,"href":"https:\/\/patriciarochaleite.com\/home\/wp-json\/wp\/v2\/posts\/170\/revisions"}],"wp:featuredmedia":[{"embeddable":true,"href":"https:\/\/patriciarochaleite.com\/home\/wp-json\/wp\/v2\/media\/176"}],"wp:attachment":[{"href":"https:\/\/patriciarochaleite.com\/home\/wp-json\/wp\/v2\/media?parent=170"}],"wp:term":[{"taxonomy":"category","embeddable":true,"href":"https:\/\/patriciarochaleite.com\/home\/wp-json\/wp\/v2\/categories?post=170"},{"taxonomy":"post_tag","embeddable":true,"href":"https:\/\/patriciarochaleite.com\/home\/wp-json\/wp\/v2\/tags?post=170"}],"curies":[{"name":"wp","href":"https:\/\/api.w.org\/{rel}","templated":true}]}}