{"id":268,"date":"2020-06-29T18:18:07","date_gmt":"2019-05-28T16:30:14","guid":{"rendered":"https:\/\/patriciarochaleite.com\/home\/?p=268"},"modified":"2020-07-02T15:34:04","modified_gmt":"2020-07-02T15:34:04","slug":"alegria228","status":"publish","type":"post","link":"https:\/\/patriciarochaleite.com\/home\/alegria228\/","title":{"rendered":"ALEGRIA 228"},"content":{"rendered":"","protected":false},"excerpt":{"rendered":"","protected":false},"author":1,"featured_media":280,"comment_status":"closed","ping_status":"closed","sticky":false,"template":"","format":"standard","meta":{"footnotes":""},"categories":[1],"tags":[],"grid":"{\r\n  \"colCount\": 12,\r\n  \"colGutter\": 1,\r\n  \"rowGutters\": [],\r\n  \"frameMargin\": 5,\r\n  \"topFrameMargin\": 100,\r\n  \"bottomFrameMargin\": 5,\r\n  \"rowAttrs\": [\r\n    {}\r\n  ],\r\n  \"bgColor\": null,\r\n  \"cont\": [\r\n    {\r\n      \"type\": \"text\",\r\n      \"cont\": \"<h1 class=\\\"_Titulo\\\">ALEGRIA 228<\/h1><p class=\\\"_Texto\\\">O projecto Alegria 228 consiste na reconstru\u00e7\u00e3o e amplia\u00e7\u00e3o de um edif\u00edcio do s\u00e9c. XIX. Prop\u00f5e-se a transforma\u00e7\u00e3o de um edif\u00edcio destinado a armaz\u00e9m, num edif\u00edcio de habita\u00e7\u00e3o multi-familiar dividido em 7 apartamentos e um com\u00e9rcio. Do edif\u00edcio original apenas resta a fachada voltada para a rua ao n\u00edvel do piso t\u00e9rreo. Optamos pela preserva\u00e7\u00e3o das preexist\u00eancias, visto tratar-se de uma fachada com cantarias em granito em bom estado de conserva\u00e7\u00e3o e com um desenho de fachada bem proporcionado e com relativo valor arquitect\u00f3nico. Tentamos garantir uma correcta articula\u00e7\u00e3o entre o existente e o novo, com um desenho de fachada sereno, proporcionado e reflectindo uma harmonia dos materiais ao n\u00edvel da cor, textura e simbolismo. O recurso a materiais caracter\u00edsticos das fachadas do Porto, tais como o reboco, o granito, as caixilharias em madeira e os gradeamentos em ferro, evidenciam a intemporalidade dos mesmos, pela perfeita harmonia que se consegue alcan\u00e7ar quando trabalhamos a imagem de um edif\u00edcio sem a introdu\u00e7\u00e3o de elementos arquitect\u00f3nicos de ruptura ou de contraste com as pr\u00e9-exist\u00eancias. No interior do edif\u00edcio e na sua fachada tardoz optamos por uma linguagem arquitect\u00f3nica absolutamente contempor\u00e2nea, minimalista e funcional.<\/p><p class=\\\"_Texto\\\">PROJECTO: <br \/>2019<\/p><p class=\\\"_Texto\\\">CONSTRU\u00c7\u00c3O:<br \/>2019-em constru\u00e7\u00e3o<\/p><p class=\\\"_Texto\\\">LOCALIZA\u00c7\u00c3O:<br \/>Rua Alegria, Porto<\/p><p class=\\\"_Texto\\\">\u00c1REA:<br \/>410m2 \u00e1rea constru\u00edda<br \/>40m2 logradouro<\/p><p class=\\\"_Texto\\\">ARQUITECTOS:<br \/>Patr\u00edcia Rocha Leite<\/p><p class=\\\"_Texto\\\">EQUIPA:<br \/>Patr\u00edcia Rocha Leite<br \/>Catarina Queir\u00f3s<\/p><p class=\\\"_Texto\\\">\u00a0<\/p><p>\u00a0<\/p>\",\r\n      \"align\": \"top\",\r\n      \"row\": 0,\r\n      \"col\": 0,\r\n      \"colspan\": 4,\r\n      \"offsetx\": 0,\r\n      \"offsety\": 0,\r\n      \"spaceabove\": 0,\r\n      \"spacebelow\": 0,\r\n      \"yvel\": 1,\r\n      \"push\": 0,\r\n      \"relid\": 124,\r\n      \"frameOverflow\": \"\"\r\n    },\r\n    {\r\n      \"type\": \"carousel\",\r\n      \"cont\": \"\",\r\n      \"align\": \"top\",\r\n      \"row\": 0,\r\n      \"col\": 4,\r\n      \"colspan\": 8,\r\n      \"offsetx\": 0,\r\n      \"offsety\": 0,\r\n      \"spaceabove\": 0,\r\n      \"spacebelow\": 0,\r\n      \"yvel\": 1,\r\n      \"push\": 0,\r\n      \"relid\": 166,\r\n      \"carousel_options\": {\r\n        \"random\": false,\r\n        \"autoplay\": false,\r\n        \"customAspectRatioW\": 16,\r\n        \"customAspectRatioH\": 9,\r\n        \"size\": \"useCustomAspectRatio\",\r\n        \"transition\": \"fading\",\r\n        \"slidesWidth\": \"null\",\r\n        \"freeScroll\": false,\r\n        \"showMultipleSlides\": false\r\n      },\r\n      \"carousel\": [\r\n        {\r\n          \"type\": \"img\",\r\n          \"attid\": 280,\r\n          \"cont\": \"\/wp-content\/uploads\/2020\/06\/228_al\u00c3\u00a7ado-rua-01-01.png\",\r\n          \"sizes\": {\r\n            \"full\": \"\/wp-content\/uploads\/2020\/06\/228_al\u00c3\u00a7ado-rua-01-01.png\",\r\n            \"_768\": \"\/wp-content\/uploads\/2020\/06\/228_al\u00c3\u00a7ado-rua-01-01-768x543.png\",\r\n            \"_512\": \"\/wp-content\/uploads\/2020\/06\/228_al\u00c3\u00a7ado-rua-01-01-512x362.png\",\r\n            \"_265\": \"\/wp-content\/uploads\/2020\/06\/228_al\u00c3\u00a7ado-rua-01-01-265x187.png\"\r\n          },\r\n          \"w\": 842,\r\n          \"h\": 595,\r\n          \"ar\": 0.7066508313539193,\r\n          \"alt\": \"\"\r\n        },\r\n        {\r\n          \"type\": \"img\",\r\n          \"attid\": 281,\r\n          \"cont\": \"\/wp-content\/uploads\/2020\/06\/228_al\u00c3\u00a7ado-tardoz-01.png\",\r\n          \"sizes\": {\r\n            \"full\": \"\/wp-content\/uploads\/2020\/06\/228_al\u00c3\u00a7ado-tardoz-01.png\",\r\n            \"_768\": \"\/wp-content\/uploads\/2020\/06\/228_al\u00c3\u00a7ado-tardoz-01-768x543.png\",\r\n            \"_512\": \"\/wp-content\/uploads\/2020\/06\/228_al\u00c3\u00a7ado-tardoz-01-512x362.png\",\r\n            \"_265\": \"\/wp-content\/uploads\/2020\/06\/228_al\u00c3\u00a7ado-tardoz-01-265x187.png\"\r\n          },\r\n          \"w\": 842,\r\n          \"h\": 595,\r\n          \"ar\": 0.7066508313539193,\r\n          \"alt\": \"\"\r\n        },\r\n        {\r\n          \"type\": \"img\",\r\n          \"attid\": 282,\r\n          \"cont\": \"\/wp-content\/uploads\/2020\/06\/228_planta-01.png\",\r\n          \"sizes\": {\r\n            \"full\": \"\/wp-content\/uploads\/2020\/06\/228_planta-01.png\",\r\n            \"_768\": \"\/wp-content\/uploads\/2020\/06\/228_planta-01-768x543.png\",\r\n            \"_512\": \"\/wp-content\/uploads\/2020\/06\/228_planta-01-512x362.png\",\r\n            \"_265\": \"\/wp-content\/uploads\/2020\/06\/228_planta-01-265x187.png\"\r\n          },\r\n          \"w\": 842,\r\n          \"h\": 595,\r\n          \"ar\": 0.7066508313539193,\r\n          \"alt\": \"\"\r\n        },\r\n        {\r\n          \"type\": \"img\",\r\n          \"attid\": 298,\r\n          \"cont\": \"\/wp-content\/uploads\/2020\/06\/fachada-3.jpg\",\r\n          \"sizes\": {\r\n            \"full\": \"\/wp-content\/uploads\/2020\/06\/fachada-3.jpg\",\r\n            \"_512\": \"\/wp-content\/uploads\/2020\/06\/fachada-3-512x683.jpg\",\r\n            \"_265\": \"\/wp-content\/uploads\/2020\/06\/fachada-3-265x353.jpg\"\r\n          },\r\n          \"w\": 768,\r\n          \"h\": 1024,\r\n          \"ar\": 1.3333333333333333,\r\n          \"alt\": \"\"\r\n        }\r\n      ],\r\n      \"frameOverflow\": \"\"\r\n    }\r\n  ]\r\n}","phonegrid":"","_links":{"self":[{"href":"https:\/\/patriciarochaleite.com\/home\/wp-json\/wp\/v2\/posts\/268"}],"collection":[{"href":"https:\/\/patriciarochaleite.com\/home\/wp-json\/wp\/v2\/posts"}],"about":[{"href":"https:\/\/patriciarochaleite.com\/home\/wp-json\/wp\/v2\/types\/post"}],"author":[{"embeddable":true,"href":"https:\/\/patriciarochaleite.com\/home\/wp-json\/wp\/v2\/users\/1"}],"replies":[{"embeddable":true,"href":"https:\/\/patriciarochaleite.com\/home\/wp-json\/wp\/v2\/comments?post=268"}],"version-history":[{"count":0,"href":"https:\/\/patriciarochaleite.com\/home\/wp-json\/wp\/v2\/posts\/268\/revisions"}],"wp:featuredmedia":[{"embeddable":true,"href":"https:\/\/patriciarochaleite.com\/home\/wp-json\/wp\/v2\/media\/280"}],"wp:attachment":[{"href":"https:\/\/patriciarochaleite.com\/home\/wp-json\/wp\/v2\/media?parent=268"}],"wp:term":[{"taxonomy":"category","embeddable":true,"href":"https:\/\/patriciarochaleite.com\/home\/wp-json\/wp\/v2\/categories?post=268"},{"taxonomy":"post_tag","embeddable":true,"href":"https:\/\/patriciarochaleite.com\/home\/wp-json\/wp\/v2\/tags?post=268"}],"curies":[{"name":"wp","href":"https:\/\/api.w.org\/{rel}","templated":true}]}}