{"id":302,"date":"2020-07-02T15:08:48","date_gmt":"2019-05-28T16:30:14","guid":{"rendered":"https:\/\/patriciarochaleite.com\/home\/abraancamp-2\/"},"modified":"2020-07-02T15:46:13","modified_gmt":"2020-07-02T15:46:13","slug":"leitevasconcelos","status":"publish","type":"post","link":"https:\/\/patriciarochaleite.com\/home\/leitevasconcelos\/","title":{"rendered":"LEITE VASCONCELOS"},"content":{"rendered":"","protected":false},"excerpt":{"rendered":"","protected":false},"author":1,"featured_media":303,"comment_status":"closed","ping_status":"closed","sticky":false,"template":"","format":"standard","meta":{"footnotes":""},"categories":[1],"tags":[],"grid":"{\r\n  \"colCount\": 12,\r\n  \"colGutter\": 1,\r\n  \"rowGutters\": [],\r\n  \"frameMargin\": 5,\r\n  \"topFrameMargin\": 100,\r\n  \"bottomFrameMargin\": 5,\r\n  \"rowAttrs\": [\r\n    {}\r\n  ],\r\n  \"bgColor\": null,\r\n  \"cont\": [\r\n    {\r\n      \"type\": \"text\",\r\n      \"cont\": \"<h1 class=\\\"_Titulo\\\">LEITE VASCONCELOS<\/h1><p class=\\\"_Texto\\\">O projecto Leite Vasconcelos consiste na remodela\u00e7\u00e3o de um apartamento em Lisboa, no bairro da Gra\u00e7a. <br \/>A interven\u00e7\u00e3o consistiu na transforma\u00e7\u00e3o de um T3 num T1, atrav\u00e9s da reformula\u00e7\u00e3o integral de todos os espa\u00e7os incluindo sala, quartos, cozinha e casa de banho, com recurso \u00e0 demoli\u00e7\u00e3o de algumas paredes promovendo uma maior amplitude dos espa\u00e7os. Desta forma conseguimos ter \u00e1reas mais amplas e uma liga\u00e7\u00e3o mais flu\u00edda entre a cozinha e a sala.<br \/>Este projecto nasceu e foi desenvolvido com outra equipa de arquitectos, pelo que a nossa participa\u00e7\u00e3o iniciou-se numa fase em que a obra j\u00e1 se encontrava em andamento. Visto tratar-se de um projecto com v\u00e1rias autorias e contributos, optamos por fazer apenas refer\u00eancia \u00e0s interven\u00e7\u00f5es que s\u00e3o da nossa directa responsabilidade.<\/p><p class=\\\"_Texto\\\">PROJECTO: <br \/>2019<\/p><p class=\\\"_Texto\\\">CONSTRU\u00c7\u00c3O:<br \/>2019-em constru\u00e7\u00e3o<\/p><p class=\\\"_Texto\\\">LOCALIZA\u00c7\u00c3O:<br \/>Rua Leite Vasconcelos, Lisboa<\/p><p class=\\\"_Texto\\\">\u00c1REA:<br \/>120m2 \u00e1rea constru\u00edda<\/p><p class=\\\"_Texto\\\">ARQUITECTOS:<br \/>Patr\u00edcia Rocha Leite<\/p><p class=\\\"_Texto\\\">EQUIPA:<br \/>Patr\u00edcia Rocha Leite<br \/>Catarina Queir\u00f3s<\/p><p class=\\\"_Texto\\\">\u00a0<\/p><p>\u00a0<\/p>\",\r\n      \"align\": \"top\",\r\n      \"row\": 0,\r\n      \"col\": 0,\r\n      \"colspan\": 4,\r\n      \"offsetx\": 0,\r\n      \"offsety\": 0,\r\n      \"spaceabove\": 0,\r\n      \"spacebelow\": 0,\r\n      \"yvel\": 1,\r\n      \"push\": 0,\r\n      \"relid\": 124,\r\n      \"frameOverflow\": \"\"\r\n    },\r\n    {\r\n      \"type\": \"carousel\",\r\n      \"cont\": \"\",\r\n      \"align\": \"top\",\r\n      \"row\": 0,\r\n      \"col\": 4,\r\n      \"colspan\": 8,\r\n      \"offsetx\": 0,\r\n      \"offsety\": 0,\r\n      \"spaceabove\": 0,\r\n      \"spacebelow\": 0,\r\n      \"yvel\": 1,\r\n      \"push\": 0,\r\n      \"relid\": 166,\r\n      \"carousel_options\": {\r\n        \"random\": false,\r\n        \"autoplay\": false,\r\n        \"customAspectRatioW\": 16,\r\n        \"customAspectRatioH\": 9,\r\n        \"size\": \"useCustomAspectRatio\",\r\n        \"transition\": \"fading\",\r\n        \"slidesWidth\": \"null\",\r\n        \"freeScroll\": false,\r\n        \"showMultipleSlides\": false\r\n      },\r\n      \"carousel\": [\r\n        {\r\n          \"type\": \"img\",\r\n          \"attid\": 303,\r\n          \"cont\": \"\/wp-content\/uploads\/2020\/07\/LX_planta-01.png\",\r\n          \"sizes\": {\r\n            \"full\": \"\/wp-content\/uploads\/2020\/07\/LX_planta-01.png\",\r\n            \"_768\": \"\/wp-content\/uploads\/2020\/07\/LX_planta-01-768x543.png\",\r\n            \"_512\": \"\/wp-content\/uploads\/2020\/07\/LX_planta-01-512x362.png\",\r\n            \"_265\": \"\/wp-content\/uploads\/2020\/07\/LX_planta-01-265x187.png\"\r\n          },\r\n          \"w\": 842,\r\n          \"h\": 595,\r\n          \"ar\": 0.7066508313539193,\r\n          \"alt\": \"\"\r\n        }\r\n      ],\r\n      \"frameOverflow\": \"\"\r\n    }\r\n  ]\r\n}","phonegrid":"","_links":{"self":[{"href":"https:\/\/patriciarochaleite.com\/home\/wp-json\/wp\/v2\/posts\/302"}],"collection":[{"href":"https:\/\/patriciarochaleite.com\/home\/wp-json\/wp\/v2\/posts"}],"about":[{"href":"https:\/\/patriciarochaleite.com\/home\/wp-json\/wp\/v2\/types\/post"}],"author":[{"embeddable":true,"href":"https:\/\/patriciarochaleite.com\/home\/wp-json\/wp\/v2\/users\/1"}],"replies":[{"embeddable":true,"href":"https:\/\/patriciarochaleite.com\/home\/wp-json\/wp\/v2\/comments?post=302"}],"version-history":[{"count":0,"href":"https:\/\/patriciarochaleite.com\/home\/wp-json\/wp\/v2\/posts\/302\/revisions"}],"wp:featuredmedia":[{"embeddable":true,"href":"https:\/\/patriciarochaleite.com\/home\/wp-json\/wp\/v2\/media\/303"}],"wp:attachment":[{"href":"https:\/\/patriciarochaleite.com\/home\/wp-json\/wp\/v2\/media?parent=302"}],"wp:term":[{"taxonomy":"category","embeddable":true,"href":"https:\/\/patriciarochaleite.com\/home\/wp-json\/wp\/v2\/categories?post=302"},{"taxonomy":"post_tag","embeddable":true,"href":"https:\/\/patriciarochaleite.com\/home\/wp-json\/wp\/v2\/tags?post=302"}],"curies":[{"name":"wp","href":"https:\/\/api.w.org\/{rel}","templated":true}]}}